{"id":564,"date":"2025-05-12T14:56:38","date_gmt":"2025-05-12T14:56:38","guid":{"rendered":"https:\/\/noticiasdeesposende.pt\/?p=564"},"modified":"2026-08-25T15:46:44","modified_gmt":"2026-08-25T15:46:44","slug":"prisao-preventiva-por-violencia-domestica","status":"publish","type":"post","link":"https:\/\/noticiasdeesposende.pt\/?p=564","title":{"rendered":"Pris\u00e3o preventiva por viol\u00eancia dom\u00e9stica"},"content":{"rendered":"\n<p class=\"wp-block-paragraph\">O Comando Territorial de Braga, atrav\u00e9s do Posto Territorial de Barcelos, no dia 8 de maio, deteve em flagrante um homem de 67 anos por viol\u00eancia dom\u00e9stica, no concelho de Barcelos.<\/p>\n\n\n\n<p class=\"wp-block-paragraph\">Na sequ\u00eancia de uma notifica\u00e7\u00e3o emitida pelo sistema de vigil\u00e2ncia eletr\u00f3nica, que detetou a viola\u00e7\u00e3o das medidas de afastamento e proibi\u00e7\u00e3o de contacto impostas ao suspeito, foi de imediato acionada uma patrulha da Guarda para o local da ocorr\u00eancia. Na seguimento da a\u00e7\u00e3o, foi poss\u00edvel localizar o suspeito na cidade de Braga, tendo sido detido.<\/p>\n\n\n\n<p class=\"wp-block-paragraph\">O detido foi presente no Tribunal Judicial de Barcelos, tendo-lhe sido aplicada a medida de coa\u00e7\u00e3o de\u00a0pris\u00e3o preventiva, que ir\u00e1 ser cumprida no Estabelecimento Prisional de Barcelos.<\/p>\n\n\n\n<p class=\"wp-block-paragraph\">A viol\u00eancia dom\u00e9stica \u00e9&nbsp;um&nbsp;crime p\u00fablico e denunciar&nbsp;\u00e9 uma responsabilidade coletiva.<\/p>\n\n\n\n<p class=\"wp-block-paragraph\">A Guarda Nacional Republicana realiza regularmente campanhas e a\u00e7\u00f5es de sensibiliza\u00e7\u00e3o sobre o tema da Viol\u00eancia Dom\u00e9stica e relembra que, se precisar de ajuda ou tiver conhecimento de alguma situa\u00e7\u00e3o de viol\u00eancia dom\u00e9stica, participe:<\/p>\n\n\n\n<ul class=\"wp-block-list\">\n<li>No Portal Queixa Eletr\u00f3nica, em\u00a0<a href=\"https:\/\/queixaselectronicas.mai.gov.pt\/\" target=\"_blank\" rel=\"noreferrer noopener\">https:\/\/queixaselectronicas.mai.gov.pt<\/a>;<\/li>\n\n\n\n<li>Via telef\u00f3nica, atrav\u00e9s do n\u00famero europeu de emerg\u00eancia 112;<\/li>\n\n\n\n<li>No Posto da GNR mais pr\u00f3ximo \u00e0 sua \u00e1rea de resid\u00eancia, tendo os nossos contactos sempre \u00e0 m\u00e3o em\u00a0<a href=\"http:\/\/www.gnr.pt\/contactos.aspx\" target=\"_blank\" rel=\"noreferrer noopener\">www.gnr.pt\/contactos.aspx<\/a>;<\/li>\n\n\n\n<li>Na aplica\u00e7\u00e3o App MAI112 dispon\u00edvel e destinada exclusivamente aos cidad\u00e3os surdos, em\u00a0<a href=\"http:\/\/www.112.pt\/Paginas\/Home.aspx\" target=\"_blank\" rel=\"noreferrer noopener\">http:\/\/www.112.pt\/Paginas\/Home.aspx<\/a>;<\/li>\n\n\n\n<li>Na aplica\u00e7\u00e3o SMS Seguran\u00e7a, direcionada a pessoas surdas em\u00a0<a href=\"http:\/\/www.gnr.pt\/MVC_GNR\/Home\/SmsSeguranca\" target=\"_blank\" rel=\"noreferrer noopener\">www.gnr.pt\/MVC_GNR\/Home\/SmsSeguranca<\/a>.<\/li>\n<\/ul>\n","protected":false},"excerpt":{"rendered":"<p>O Comando Territorial de Braga, atrav\u00e9s do Posto Territorial de Barcelos, no dia 8 de maio, deteve em flagrante um homem de 67 anos por viol\u00eancia dom\u00e9stica, no concelho de Barcelos. Na sequ\u00eancia de uma notifica\u00e7\u00e3o emitida pelo sistema de vigil\u00e2ncia eletr\u00f3nica, que detetou a viola\u00e7\u00e3o das medidas de afastamento e proibi\u00e7\u00e3o de contacto impostas [&hellip;]<\/p>\n","protected":false},"author":3,"featured_media":525,"comment_status":"open","ping_status":"open","sticky":false,"template":"","format":"standard","meta":{"footnotes":"","jetpack_publicize_message":"","jetpack_publicize_feature_enabled":true,"jetpack_social_post_already_shared":true,"jetpack_social_options":{"image_generator_settings":{"template":"highway","default_image_id":0,"font":"","enabled":false},"version":2}},"categories":[134],"tags":[110],"class_list":["post-564","post","type-post","status-publish","format-standard","has-post-thumbnail","category-arquivo","tag-violencia-domestica"],"jetpack_publicize_connections":[],"_links":{"self":[{"href":"https:\/\/noticiasdeesposende.pt\/index.php?rest_route=\/wp\/v2\/posts\/564","targetHints":{"allow":["GET"]}}],"collection":[{"href":"https:\/\/noticiasdeesposende.pt\/index.php?rest_route=\/wp\/v2\/posts"}],"about":[{"href":"https:\/\/noticiasdeesposende.pt\/index.php?rest_route=\/wp\/v2\/types\/post"}],"author":[{"embeddable":true,"href":"https:\/\/noticiasdeesposende.pt\/index.php?rest_route=\/wp\/v2\/users\/3"}],"replies":[{"embeddable":true,"href":"https:\/\/noticiasdeesposende.pt\/index.php?rest_route=%2Fwp%2Fv2%2Fcomments&post=564"}],"version-history":[{"count":1,"href":"https:\/\/noticiasdeesposende.pt\/index.php?rest_route=\/wp\/v2\/posts\/564\/revisions"}],"predecessor-version":[{"id":693,"href":"https:\/\/noticiasdeesposende.pt\/index.php?rest_route=\/wp\/v2\/posts\/564\/revisions\/693"}],"wp:attachment":[{"href":"https:\/\/noticiasdeesposende.pt\/index.php?rest_route=%2Fwp%2Fv2%2Fmedia&parent=564"}],"wp:term":[{"taxonomy":"category","embeddable":true,"href":"https:\/\/noticiasdeesposende.pt\/index.php?rest_route=%2Fwp%2Fv2%2Fcategories&post=564"},{"taxonomy":"post_tag","embeddable":true,"href":"https:\/\/noticiasdeesposende.pt\/index.php?rest_route=%2Fwp%2Fv2%2Ftags&post=564"}],"curies":[{"name":"wp","href":"https:\/\/api.w.org\/{rel}","templated":true}]}}