{"id":566,"date":"2025-05-13T09:55:33","date_gmt":"2025-05-13T09:55:33","guid":{"rendered":"https:\/\/noticiasdeesposende.pt\/?p=566"},"modified":"2026-08-25T15:46:43","modified_gmt":"2026-08-25T15:46:43","slug":"2-a-start-me-up-feira-de-emprego-empreendedorismo-e-futuro-e-no-proximo-fim-de-semana","status":"publish","type":"post","link":"https:\/\/noticiasdeesposende.pt\/?p=566","title":{"rendered":"2.\u00aa Start Me Up \u2013 Feira de Emprego, Empreendedorismo e Futuro \u00e9 no pr\u00f3ximo fim de semana"},"content":{"rendered":"\n<p class=\"wp-block-paragraph\"><strong>O Munic\u00edpio de Esposende vai realizar, nos pr\u00f3ximos dias 16 e 17 de maio, mais uma edi\u00e7\u00e3o da Start Me Up &#8211; Feira de Emprego, Empreendedorismo e Futuro, cuja coordena\u00e7\u00e3o est\u00e1 a cargo da START Esposende.<\/strong><\/p>\n\n\n\n<p class=\"wp-block-paragraph\">O evento, que volta a ter como palco a zona ribeirinha de Esposende, pretende promover o contacto direto entre jovens\/adultos, o mercado de trabalho e a oferta educacional, estimular o esp\u00edrito empreendedor e desenvolver compet\u00eancias e o networking. Al\u00e9m de reunir empresas em stand com processos de recrutamento em curso, apresenta dois dias repletos de palestras inspiradoras, sess\u00f5es informativas e muitos contactos.<\/p>\n\n\n\n<p class=\"wp-block-paragraph\">A programa\u00e7\u00e3o repartir-se-\u00e1 por tr\u00eas espa\u00e7os tem\u00e1ticos: Palco Futuro \u2013 dedicado ao desenvolvimento pessoal e profissional, \u00e0 reflex\u00e3o sobre as tend\u00eancias do mercado e ao futuro dos neg\u00f3cios e das carreiras; Palco Conex\u00e3o \u2013 espa\u00e7o para a apresenta\u00e7\u00e3o de empresas, entidades e oportunidades; e Palco Sabor \u2013 onde os sentidos se encontram com o empreendedorismo, atrav\u00e9s de momentos de showcooking e degusta\u00e7\u00e3o.<\/p>\n\n\n\n<p class=\"wp-block-paragraph\">Esta edi\u00e7\u00e3o chega ainda mais ambiciosa contando com cerca de tr\u00eas dezenas de expositores, incluindo empresas de recrutamento e startups inovadoras, apresenta mais de 250 ofertas de emprego e perto de 20 momentos de programa\u00e7\u00e3o, incluindo palestras, workshops e sess\u00f5es de networking. O programa integra, ainda, sess\u00f5es de fotografia profissional para curr\u00edculos e LinkedIn, sess\u00f5es sobre intelig\u00eancia artificial, empreendedorismo digital e tend\u00eancias de carreira.<\/p>\n\n\n\n<p class=\"wp-block-paragraph\">Tal como na anterior edi\u00e7\u00e3o, a Start Me Up disponibiliza um espa\u00e7o cowork para quem precisa de trabalhar durante o evento.<\/p>\n\n\n\n<p class=\"wp-block-paragraph\">O certame abre portas no dia 16 de maio, sexta-feira, pelas 10h00, e encerra no dia 17, s\u00e1bado, pelas 18h00, com um momento descontra\u00eddo \u201cSTART &amp; Cheers \u2013 M\u00fasica, Brindes e Sabores no Jardim\u201d.<\/p>\n\n\n\n<p class=\"wp-block-paragraph\">Toda a informa\u00e7\u00e3o do evento est\u00e1 dispon\u00edvel no site da STAR Esposende, em:&nbsp;<a href=\"https:\/\/www.startesposende.pt\/noticias\/2a-edicao-start-me-up-feira-de-emprego-empreendedorismo-e-futuro\/\" target=\"_blank\" rel=\"noreferrer noopener\">https:\/\/www.startesposende.pt\/noticias\/2a-edicao-start-me-up-feira-de-emprego-empreendedorismo-e-futuro\/<\/a>. A inscri\u00e7\u00e3o nas atividades \u00e9 efetuada online:&nbsp;<a href=\"http:\/\/bit.ly\/4jUcuFO\" target=\"_blank\" rel=\"noreferrer noopener\">bit.ly\/4jUcuFO<\/a>, sendo que para mais informa\u00e7\u00f5es os interessados dever\u00e3o contactar atrav\u00e9s do e.mail:&nbsp;<a href=\"mailto:geral@startesposende.pt\" target=\"_blank\" rel=\"noreferrer noopener\">geral@startesposende.pt<\/a>.<\/p>\n\n\n\n<figure class=\"wp-block-image alignwide size-large\"><img decoding=\"async\" src=\"https:\/\/noticiasdeesposende.pt\/wp-content\/uploads\/2025\/05\/2025-05-13-Start-Me-Up-4-582x1024.jpg\" alt=\"\" class=\"wp-image-568\"\/><\/figure>\n","protected":false},"excerpt":{"rendered":"<p>O Munic\u00edpio de Esposende vai realizar, nos pr\u00f3ximos dias 16 e 17 de maio, mais uma edi\u00e7\u00e3o da Start Me Up &#8211; Feira de Emprego, Empreendedorismo e Futuro, cuja coordena\u00e7\u00e3o est\u00e1 a cargo da START Esposende. O evento, que volta a ter como palco a zona ribeirinha de Esposende, pretende promover o contacto direto entre [&hellip;]<\/p>\n","protected":false},"author":3,"featured_media":567,"comment_status":"open","ping_status":"open","sticky":false,"template":"","format":"standard","meta":{"footnotes":"","jetpack_publicize_message":"","jetpack_publicize_feature_enabled":true,"jetpack_social_post_already_shared":true,"jetpack_social_options":{"image_generator_settings":{"template":"highway","default_image_id":0,"font":"","enabled":false},"version":2}},"categories":[134],"tags":[77,118,119,101],"class_list":["post-566","post","type-post","status-publish","format-standard","has-post-thumbnail","category-arquivo","tag-camara-municipal-de-esposende","tag-empreendorismo","tag-feira-de-emprego","tag-start-esposende"],"jetpack_publicize_connections":[],"_links":{"self":[{"href":"https:\/\/noticiasdeesposende.pt\/index.php?rest_route=\/wp\/v2\/posts\/566","targetHints":{"allow":["GET"]}}],"collection":[{"href":"https:\/\/noticiasdeesposende.pt\/index.php?rest_route=\/wp\/v2\/posts"}],"about":[{"href":"https:\/\/noticiasdeesposende.pt\/index.php?rest_route=\/wp\/v2\/types\/post"}],"author":[{"embeddable":true,"href":"https:\/\/noticiasdeesposende.pt\/index.php?rest_route=\/wp\/v2\/users\/3"}],"replies":[{"embeddable":true,"href":"https:\/\/noticiasdeesposende.pt\/index.php?rest_route=%2Fwp%2Fv2%2Fcomments&post=566"}],"version-history":[{"count":1,"href":"https:\/\/noticiasdeesposende.pt\/index.php?rest_route=\/wp\/v2\/posts\/566\/revisions"}],"predecessor-version":[{"id":692,"href":"https:\/\/noticiasdeesposende.pt\/index.php?rest_route=\/wp\/v2\/posts\/566\/revisions\/692"}],"wp:attachment":[{"href":"https:\/\/noticiasdeesposende.pt\/index.php?rest_route=%2Fwp%2Fv2%2Fmedia&parent=566"}],"wp:term":[{"taxonomy":"category","embeddable":true,"href":"https:\/\/noticiasdeesposende.pt\/index.php?rest_route=%2Fwp%2Fv2%2Fcategories&post=566"},{"taxonomy":"post_tag","embeddable":true,"href":"https:\/\/noticiasdeesposende.pt\/index.php?rest_route=%2Fwp%2Fv2%2Ftags&post=566"}],"curies":[{"name":"wp","href":"https:\/\/api.w.org\/{rel}","templated":true}]}}