{"id":571,"date":"2025-05-13T15:01:32","date_gmt":"2025-05-13T15:01:32","guid":{"rendered":"https:\/\/noticiasdeesposende.pt\/?p=571"},"modified":"2026-08-25T15:46:43","modified_gmt":"2026-08-25T15:46:43","slug":"combate-a-vespa-asiatica","status":"publish","type":"post","link":"https:\/\/noticiasdeesposende.pt\/?p=571","title":{"rendered":"Combate \u00e0 vespa asi\u00e1tica"},"content":{"rendered":"\n<p class=\"wp-block-paragraph\">O Munic\u00edpio de Esposende prossegue o combate \u00e0s esp\u00e9cies invasoras, apostando novamente na captura preventiva de vespas asi\u00e1ticas.<\/p>\n\n\n\n<p class=\"wp-block-paragraph\">Este ano, a autarquia procedeu novamente \u00e0 instala\u00e7\u00e3o de cerca de cem armadilhas para capturar a vespa velutina nigrithorax, vulgarmente conhecida por vespa asi\u00e1tica. As armadilhas, com atrativo alimentar e estrategicamente colocadas em todo o territ\u00f3rio concelhio (uma por cada quil\u00f3metro quadrado), s\u00e3o monitorizadas regularmente, quer para a substitui\u00e7\u00e3o do isco, quer para contagem do n\u00famero de exemplares capturados por armadilha. Logo na primeira monitoriza\u00e7\u00e3o foram capturadas 919 vespas, das quais 897 vespas fundadoras, sendo que a estes n\u00fameros acrescem as capturas efetuadas pelos apicultores.<\/p>\n\n\n\n<p class=\"wp-block-paragraph\">Durante a primavera, s\u00e3o efetuadas novas monitoriza\u00e7\u00f5es, com vista \u00e0 captura de novas vespas fundadoras e \u00e0 diminui\u00e7\u00e3o de novos ninhos. Porque o contributo de todos \u00e9 fundamental para combater esta praga, o Munic\u00edpio apela \u00e0 popula\u00e7\u00e3o para que n\u00e3o danifique as armadilhas, por forma a que estas possam cumprir o seu prop\u00f3sito. Sempre que seja localizado um ninho de vespa velutina, dever\u00e1 ser comunicado atrav\u00e9s do site&nbsp;<a href=\"http:\/\/stopvespa.icnf.pt\/\" target=\"_blank\" rel=\"noreferrer noopener\">stopvespa.icnf.pt<\/a>&nbsp;ou junto da C\u00e2mara Municipal de Esposende.<\/p>\n\n\n\n<p class=\"wp-block-paragraph\">Refira-se que entre 3 e 11 de maio decorreu a Semana sobre Esp\u00e9cies Invasoras de Portugal &amp; Espanha 2025, com o objetivo de alertar para a problem\u00e1tica das esp\u00e9cies invasoras. Em Portugal, s\u00e3o mais de 340 as esp\u00e9cies consideradas invasoras, entre plantas e animais, onde se insere tamb\u00e9m a vespa asi\u00e1tica.<\/p>\n","protected":false},"excerpt":{"rendered":"<p>O Munic\u00edpio de Esposende prossegue o combate \u00e0s esp\u00e9cies invasoras, apostando novamente na captura preventiva de vespas asi\u00e1ticas. Este ano, a autarquia procedeu novamente \u00e0 instala\u00e7\u00e3o de cerca de cem armadilhas para capturar a vespa velutina nigrithorax, vulgarmente conhecida por vespa asi\u00e1tica. As armadilhas, com atrativo alimentar e estrategicamente colocadas em todo o territ\u00f3rio concelhio [&hellip;]<\/p>\n","protected":false},"author":3,"featured_media":572,"comment_status":"open","ping_status":"open","sticky":false,"template":"","format":"standard","meta":{"footnotes":"","jetpack_publicize_message":"","jetpack_publicize_feature_enabled":true,"jetpack_social_post_already_shared":true,"jetpack_social_options":{"image_generator_settings":{"template":"highway","default_image_id":0,"font":"","enabled":false},"version":2}},"categories":[134],"tags":[120],"class_list":["post-571","post","type-post","status-publish","format-standard","has-post-thumbnail","category-arquivo","tag-vespa-asiatica"],"jetpack_publicize_connections":[],"_links":{"self":[{"href":"https:\/\/noticiasdeesposende.pt\/index.php?rest_route=\/wp\/v2\/posts\/571","targetHints":{"allow":["GET"]}}],"collection":[{"href":"https:\/\/noticiasdeesposende.pt\/index.php?rest_route=\/wp\/v2\/posts"}],"about":[{"href":"https:\/\/noticiasdeesposende.pt\/index.php?rest_route=\/wp\/v2\/types\/post"}],"author":[{"embeddable":true,"href":"https:\/\/noticiasdeesposende.pt\/index.php?rest_route=\/wp\/v2\/users\/3"}],"replies":[{"embeddable":true,"href":"https:\/\/noticiasdeesposende.pt\/index.php?rest_route=%2Fwp%2Fv2%2Fcomments&post=571"}],"version-history":[{"count":1,"href":"https:\/\/noticiasdeesposende.pt\/index.php?rest_route=\/wp\/v2\/posts\/571\/revisions"}],"predecessor-version":[{"id":691,"href":"https:\/\/noticiasdeesposende.pt\/index.php?rest_route=\/wp\/v2\/posts\/571\/revisions\/691"}],"wp:attachment":[{"href":"https:\/\/noticiasdeesposende.pt\/index.php?rest_route=%2Fwp%2Fv2%2Fmedia&parent=571"}],"wp:term":[{"taxonomy":"category","embeddable":true,"href":"https:\/\/noticiasdeesposende.pt\/index.php?rest_route=%2Fwp%2Fv2%2Fcategories&post=571"},{"taxonomy":"post_tag","embeddable":true,"href":"https:\/\/noticiasdeesposende.pt\/index.php?rest_route=%2Fwp%2Fv2%2Ftags&post=571"}],"curies":[{"name":"wp","href":"https:\/\/api.w.org\/{rel}","templated":true}]}}