{"id":581,"date":"2025-06-04T12:42:57","date_gmt":"2025-06-04T12:42:57","guid":{"rendered":"https:\/\/noticiasdeesposende.pt\/?p=581"},"modified":"2026-08-25T15:46:43","modified_gmt":"2026-08-25T15:46:43","slug":"centro-social-da-juventude-de-mar-assinalou-50-anos-ao-servico-da-comunidade","status":"publish","type":"post","link":"https:\/\/noticiasdeesposende.pt\/?p=581","title":{"rendered":"Centro Social da Juventude de Mar assinalou 50 anos ao servi\u00e7o da comunidade"},"content":{"rendered":"\n<p class=\"wp-block-paragraph\">O Centro Social da Juventude de Mar, em Esposende, celebrou as suas bodas de ouro com uma sess\u00e3o solene, que decorreu no Pavilh\u00e3o Fernando Cepa e contou, entre outros, com a presen\u00e7a do Diretor do Centro Distrital da Seguran\u00e7a Social de Braga, Jo\u00e3o Ferreira, do Presidente da C\u00e2mara Municipal de Esposende, Guilherme Em\u00edlio, do Presidente da Assembleia Municipal, Ot\u00edlio Hip\u00f3lito, dos Presidentes da Junta e Assembleia da Uni\u00e3o de Freguesias de Belinho e Mar, Manuel Abreu, e Adelaide Carmo, dos Vereadores da Educa\u00e7\u00e3o e Desenvolvimento Social, Alexandra Vilar e do Desporto, Juventude e Cultura, Rui Neiva, dos ex-Presidentes da C\u00e2mara de Esposende, Alberto Figueiredo, Jo\u00e3o Cepa e Benjamim Pereira, do Presidente da Assembleia Geral do Centro Social, Fernando Cepa e restantes corpos sociais, e do p\u00e1roco de Mar, S\u00edlvio Couto.<\/p>\n\n\n\n<figure class=\"wp-block-image alignwide size-large\"><img decoding=\"async\" src=\"https:\/\/noticiasdeesposende.pt\/wp-content\/uploads\/2025\/06\/2025-06-04-CSJMar-1024x769.jpg\" alt=\"\" class=\"wp-image-583\"\/><\/figure>\n\n\n\n<p class=\"wp-block-paragraph\">Na cerim\u00f3nia, al\u00e9m da apresenta\u00e7\u00e3o da hist\u00f3ria do Centro Social da Juventude de Mar pelo fundador Fernando Cepa, atrav\u00e9s de um v\u00eddeo, houve lugar \u00e0 apresenta\u00e7\u00e3o de uma revista sobre os 50 anos da Institui\u00e7\u00e3o, por Maranh\u00e3o Peixoto, e o agraciamento a v\u00e1rias personalidades ligadas \u00e0 institui\u00e7\u00e3o, intervalado com momentos musicais proporcionados por ex-utentes da Centro Social, que interpretaram can\u00e7\u00f5es ligadas ao mar.<\/p>\n\n\n\n<p class=\"wp-block-paragraph\">Na apresenta\u00e7\u00e3o da revista, o autor, Maranh\u00e3o Peixoto, referiu que esta carrega \u201cuma carga emocional muito forte, que nos une e nos transcende e \u00e9 uma recorda\u00e7\u00e3o para o futuro\u201d. Esta revista \u00e9 assim, segundo o autor, uma \u201cviagem dos anos, de um percurso com ousadia e orgulho\u201d.<\/p>\n\n\n\n<p class=\"wp-block-paragraph\">Na sua interven\u00e7\u00e3o, o Presidente do Centro Social de Mar, Est\u00eav\u00e3o Abreu, referiu a data como \u201cum marco hist\u00f3rico\u201d e, por isso, \u201ctemos de festejar, refletir sobre as nossas conquistas e dificuldades e procurar novos desafios para um presente e futuro risonhos\u201d.<\/p>\n\n\n\n<p class=\"wp-block-paragraph\">Mencionou as v\u00e1rias atividades levadas a cabo pelo Centro Social, no setor social, desportivo, cultural e recreativo que s\u00e3o o reflexo da vitalidade da institui\u00e7\u00e3o e apontou para futuro, onde focou a necessidade de \u201crequalificar e aumentar o atual edif\u00edcio para darmos respostas aos utentes. Estamos na fase final da elabora\u00e7\u00e3o do projeto que apresentaremos, brevemente, \u00e0s entidades competentes, com estimativa de custos acima de 3 milh\u00f5es de euros\u201d, disse.&nbsp;<\/p>\n\n\n\n<p class=\"wp-block-paragraph\">J\u00e1 o Presidente da Junta da Uni\u00e3o de Freguesias de Belinho e Mar, Manuel Abreu, salientou que \u201cestamos em festa para homenagear o Centro Social de Mar pelos 50 anos ao servi\u00e7o da comunidade\u201d, pois \u201ctem sido o espelho da popula\u00e7\u00e3o de Mar\u201d. Enalteceu ainda as pessoas que se dedicam \u201cde alma e cora\u00e7\u00e3o\u201d para concretizar as atividades sociais, desportivas e culturais, afirmando estar \u201corgulhoso porque a junta sempre foi uma parceira para com o Centro Social sempre que este solicitou\u201d.<\/p>\n\n\n\n<p class=\"wp-block-paragraph\">Jo\u00e3o Ferreira, Diretor do Centro Distrital da Seguran\u00e7a Social de Braga, referiu que este \u00e9 um \u201cdia de festa muito especial\u201d, pois \u00e9 \u201ca melhor homenagem a uma institui\u00e7\u00e3o que escolheu cuidar dos outros. \u00c9 um momento de encanto a quem trabalhou, mas um desafio em rela\u00e7\u00e3o ao futuro\u201d, referiu.<\/p>\n\n\n\n<p class=\"wp-block-paragraph\">Deixou ainda o repto para que \u201ccontinuemos juntos nesta jornada social muito importante e n\u00e3o deixemos ningu\u00e9m para tr\u00e1s\u201d, manifestando \u201cgratid\u00e3o a quem faz a diferen\u00e7a na vida dos outros, onde todos contam.\u201d<\/p>\n\n\n\n<p class=\"wp-block-paragraph\">O Presidente da C\u00e2mara Municipal de Esposende, Guilherme Em\u00edlio, salientou que \u201ch\u00e1 datas que marcam e os 50 anos do Centro Social de Mar \u00e9 uma destas pela dedica\u00e7\u00e3o ao pr\u00f3ximo, junto da popula\u00e7\u00e3o a construir comunidade.\u201d<\/p>\n\n\n\n<p class=\"wp-block-paragraph\">J\u00e1 a pensar num futuro pr\u00f3ximo, o autarca referiu que \u201ctemos um passado que nos orgulha\u201d, garantindo a \u201ccontinuidade no ciclo de desenvolvimento da nossa terra, pelo interesse coletivo e melhoria da popula\u00e7\u00e3o de todo o concelho.\u201d Continuou depois explicando que \u201ctemos investido e provado com a\u00e7\u00f5es um apoio real que garante qualidade de resposta e confian\u00e7a\u201d, adiantando que nos \u00faltimos quatro anos a autarquia atribuiu ao Centro Social trezentos mil euros e que este ano j\u00e1 atribui mais de vinte mil euros.<\/p>\n\n\n\n<p class=\"wp-block-paragraph\">O autarca, ap\u00f3s refer\u00eancia a v\u00e1rios investimentos efetuados, terminou depois a sua interven\u00e7\u00e3o agradecendo ao Centro Social \u201cpelo exemplo a todos os que deram vida e \u00e0 popula\u00e7\u00e3o pela confian\u00e7a. O Centro sabe que pode contar com o apoio da C\u00e2mara!\u201d<\/p>\n\n\n\n<p class=\"wp-block-paragraph\">Foram agraciados pelo empenho, apoio e colabora\u00e7\u00e3o no desenvolvimento do Centro Social da Juventude de Mar, Guilherme Em\u00edlio; Jo\u00e3o Ferreira; Alberto Figueiredo; Jo\u00e3o Cepa; Benjamim Pereira; Fernando Cepa; Fernanda Valen\u00e7a; Fernanda Laranjeira; Orlando Martins Capit\u00e3o; Manuel Cepa Carneiro; Paulo Martins; Em\u00edlia Fonseca; Ant\u00f3nio Ribeiro; Jos\u00e9 Maria Figueiredo; Manuel Azevedo; e Sampaio Azevedo<\/p>\n","protected":false},"excerpt":{"rendered":"<p>O Centro Social da Juventude de Mar, em Esposende, celebrou as suas bodas de ouro com uma sess\u00e3o solene, que decorreu no Pavilh\u00e3o Fernando Cepa e contou, entre outros, com a presen\u00e7a do Diretor do Centro Distrital da Seguran\u00e7a Social de Braga, Jo\u00e3o Ferreira, do Presidente da C\u00e2mara Municipal de Esposende, Guilherme Em\u00edlio, do Presidente [&hellip;]<\/p>\n","protected":false},"author":3,"featured_media":582,"comment_status":"open","ping_status":"open","sticky":false,"template":"","format":"standard","meta":{"footnotes":"","jetpack_publicize_message":"","jetpack_publicize_feature_enabled":true,"jetpack_social_post_already_shared":true,"jetpack_social_options":{"image_generator_settings":{"template":"highway","default_image_id":0,"font":"","enabled":false},"version":2}},"categories":[134],"tags":[77,123],"class_list":["post-581","post","type-post","status-publish","format-standard","has-post-thumbnail","category-arquivo","tag-camara-municipal-de-esposende","tag-csjmar"],"jetpack_publicize_connections":[],"_links":{"self":[{"href":"https:\/\/noticiasdeesposende.pt\/index.php?rest_route=\/wp\/v2\/posts\/581","targetHints":{"allow":["GET"]}}],"collection":[{"href":"https:\/\/noticiasdeesposende.pt\/index.php?rest_route=\/wp\/v2\/posts"}],"about":[{"href":"https:\/\/noticiasdeesposende.pt\/index.php?rest_route=\/wp\/v2\/types\/post"}],"author":[{"embeddable":true,"href":"https:\/\/noticiasdeesposende.pt\/index.php?rest_route=\/wp\/v2\/users\/3"}],"replies":[{"embeddable":true,"href":"https:\/\/noticiasdeesposende.pt\/index.php?rest_route=%2Fwp%2Fv2%2Fcomments&post=581"}],"version-history":[{"count":1,"href":"https:\/\/noticiasdeesposende.pt\/index.php?rest_route=\/wp\/v2\/posts\/581\/revisions"}],"predecessor-version":[{"id":689,"href":"https:\/\/noticiasdeesposende.pt\/index.php?rest_route=\/wp\/v2\/posts\/581\/revisions\/689"}],"wp:attachment":[{"href":"https:\/\/noticiasdeesposende.pt\/index.php?rest_route=%2Fwp%2Fv2%2Fmedia&parent=581"}],"wp:term":[{"taxonomy":"category","embeddable":true,"href":"https:\/\/noticiasdeesposende.pt\/index.php?rest_route=%2Fwp%2Fv2%2Fcategories&post=581"},{"taxonomy":"post_tag","embeddable":true,"href":"https:\/\/noticiasdeesposende.pt\/index.php?rest_route=%2Fwp%2Fv2%2Ftags&post=581"}],"curies":[{"name":"wp","href":"https:\/\/api.w.org\/{rel}","templated":true}]}}