{"id":588,"date":"2025-06-14T17:44:45","date_gmt":"2025-06-14T17:44:45","guid":{"rendered":"https:\/\/noticiasdeesposende.pt\/20250614\/verao-2025-tras-pedro-abrunhosa-e-diogo-picarra-a-esposende\/"},"modified":"2026-08-25T15:46:43","modified_gmt":"2026-08-25T15:46:43","slug":"verao-2025-tras-pedro-abrunhosa-e-diogo-picarra-a-esposende","status":"publish","type":"post","link":"https:\/\/noticiasdeesposende.pt\/?p=588","title":{"rendered":"Ver\u00e3o 2025 traz Pedro Abrunhosa e Diogo Pi\u00e7arra a Esposende&nbsp;"},"content":{"rendered":"\n<p class=\"p1 wp-block-paragraph\">Est\u00e1 a ser apresentado o programa de ver\u00e3o 2025 para a cidade de Esposende. Al\u00e9m de Diogo Pi\u00e7arra e Pedro Abrunhosa, h\u00e1 ainda lugar \u00e0 Noite Remember 80s &amp; 90s, Queen Revolution ou a Noite do Emigrante com Joana d\u2019Arc, entre muitos outros.<\/p>\n\n\n\n<p class=\"p1 wp-block-paragraph\">H\u00e1 imagem de outros anos, este promete ser, mais uma vez, um ver\u00e3o animado e cheio de atividades pelo concelho.<\/p>\n\n\n\n<p class=\"wp-block-paragraph\"><\/p>\n","protected":false},"excerpt":{"rendered":"<p>Est\u00e1 a ser apresentado o programa de ver\u00e3o 2025 para a cidade de Esposende. Al\u00e9m de Diogo Pi\u00e7arra e Pedro Abrunhosa, h\u00e1 ainda lugar \u00e0 Noite Remember 80s &amp; 90s, Queen Revolution ou a Noite do Emigrante com Joana d\u2019Arc, entre muitos outros. H\u00e1 imagem de outros anos, este promete ser, mais uma vez, um [&hellip;]<\/p>\n","protected":false},"author":3,"featured_media":587,"comment_status":"open","ping_status":"open","sticky":false,"template":"","format":"standard","meta":{"footnotes":"","jetpack_publicize_message":"","jetpack_publicize_feature_enabled":true,"jetpack_social_post_already_shared":false,"jetpack_social_options":{"image_generator_settings":{"template":"highway","default_image_id":0,"font":"","enabled":false},"version":2}},"categories":[134],"tags":[77,124],"class_list":["post-588","post","type-post","status-publish","format-standard","has-post-thumbnail","category-arquivo","tag-camara-municipal-de-esposende","tag-verao-2025"],"jetpack_publicize_connections":[],"_links":{"self":[{"href":"https:\/\/noticiasdeesposende.pt\/index.php?rest_route=\/wp\/v2\/posts\/588","targetHints":{"allow":["GET"]}}],"collection":[{"href":"https:\/\/noticiasdeesposende.pt\/index.php?rest_route=\/wp\/v2\/posts"}],"about":[{"href":"https:\/\/noticiasdeesposende.pt\/index.php?rest_route=\/wp\/v2\/types\/post"}],"author":[{"embeddable":true,"href":"https:\/\/noticiasdeesposende.pt\/index.php?rest_route=\/wp\/v2\/users\/3"}],"replies":[{"embeddable":true,"href":"https:\/\/noticiasdeesposende.pt\/index.php?rest_route=%2Fwp%2Fv2%2Fcomments&post=588"}],"version-history":[{"count":1,"href":"https:\/\/noticiasdeesposende.pt\/index.php?rest_route=\/wp\/v2\/posts\/588\/revisions"}],"predecessor-version":[{"id":688,"href":"https:\/\/noticiasdeesposende.pt\/index.php?rest_route=\/wp\/v2\/posts\/588\/revisions\/688"}],"wp:attachment":[{"href":"https:\/\/noticiasdeesposende.pt\/index.php?rest_route=%2Fwp%2Fv2%2Fmedia&parent=588"}],"wp:term":[{"taxonomy":"category","embeddable":true,"href":"https:\/\/noticiasdeesposende.pt\/index.php?rest_route=%2Fwp%2Fv2%2Fcategories&post=588"},{"taxonomy":"post_tag","embeddable":true,"href":"https:\/\/noticiasdeesposende.pt\/index.php?rest_route=%2Fwp%2Fv2%2Ftags&post=588"}],"curies":[{"name":"wp","href":"https:\/\/api.w.org\/{rel}","templated":true}]}}