{"id":592,"date":"2025-06-20T12:09:46","date_gmt":"2025-06-20T12:09:46","guid":{"rendered":"https:\/\/noticiasdeesposende.pt\/?p=592"},"modified":"2026-08-25T15:46:43","modified_gmt":"2026-08-25T15:46:43","slug":"viii-torneio-zema-cup","status":"publish","type":"post","link":"https:\/\/noticiasdeesposende.pt\/?p=592","title":{"rendered":"VIII Torneio Zema Cup"},"content":{"rendered":"\n<p class=\"wp-block-paragraph\">Este fim-de-semana, 21 e 22 de junho, o Campo da Fonte, em Gandra, recebe a 8\u00aa edi\u00e7\u00e3o do Torneio Zema Cup, de futebol 7 de benjamins e infantis.<br>Este ano, o torneio conta com a participa\u00e7\u00e3o do CF F\u00e3o, Antas FC, DR Estrelas do Faro, UD Vila Ch\u00e3, GDC Cristelo, Granja FC, Maximinense, Ferreirense FC e GD Castelense.<br>Ao longo de dois dias, \u00e9 esperado muito conv\u00edvio e anima\u00e7\u00e3o entre os participantes, a que se junta a competividade t\u00edpica dum torneio de futebol.<\/p>\n\n\n\n<figure class=\"wp-block-image size-large\"><img decoding=\"async\" src=\"https:\/\/noticiasdeesposende.pt\/wp-content\/uploads\/2025\/06\/Imagem-WhatsApp-2025-06-10-as-21.05.31_9a4e3abd-750x1024.jpg\" alt=\"\" class=\"wp-image-593\"\/><\/figure>\n","protected":false},"excerpt":{"rendered":"<p>Este fim-de-semana, 21 e 22 de junho, o Campo da Fonte, em Gandra, recebe a 8\u00aa edi\u00e7\u00e3o do Torneio Zema Cup, de futebol 7 de benjamins e infantis.Este ano, o torneio conta com a participa\u00e7\u00e3o do CF F\u00e3o, Antas FC, DR Estrelas do Faro, UD Vila Ch\u00e3, GDC Cristelo, Granja FC, Maximinense, Ferreirense FC e [&hellip;]<\/p>\n","protected":false},"author":3,"featured_media":593,"comment_status":"open","ping_status":"open","sticky":false,"template":"","format":"standard","meta":{"footnotes":"","jetpack_publicize_message":"","jetpack_publicize_feature_enabled":true,"jetpack_social_post_already_shared":false,"jetpack_social_options":{"image_generator_settings":{"template":"highway","default_image_id":0,"font":"","enabled":false},"version":2}},"categories":[134],"tags":[126],"class_list":["post-592","post","type-post","status-publish","format-standard","has-post-thumbnail","category-arquivo","tag-gandra-fc"],"jetpack_publicize_connections":[],"_links":{"self":[{"href":"https:\/\/noticiasdeesposende.pt\/index.php?rest_route=\/wp\/v2\/posts\/592","targetHints":{"allow":["GET"]}}],"collection":[{"href":"https:\/\/noticiasdeesposende.pt\/index.php?rest_route=\/wp\/v2\/posts"}],"about":[{"href":"https:\/\/noticiasdeesposende.pt\/index.php?rest_route=\/wp\/v2\/types\/post"}],"author":[{"embeddable":true,"href":"https:\/\/noticiasdeesposende.pt\/index.php?rest_route=\/wp\/v2\/users\/3"}],"replies":[{"embeddable":true,"href":"https:\/\/noticiasdeesposende.pt\/index.php?rest_route=%2Fwp%2Fv2%2Fcomments&post=592"}],"version-history":[{"count":1,"href":"https:\/\/noticiasdeesposende.pt\/index.php?rest_route=\/wp\/v2\/posts\/592\/revisions"}],"predecessor-version":[{"id":687,"href":"https:\/\/noticiasdeesposende.pt\/index.php?rest_route=\/wp\/v2\/posts\/592\/revisions\/687"}],"wp:attachment":[{"href":"https:\/\/noticiasdeesposende.pt\/index.php?rest_route=%2Fwp%2Fv2%2Fmedia&parent=592"}],"wp:term":[{"taxonomy":"category","embeddable":true,"href":"https:\/\/noticiasdeesposende.pt\/index.php?rest_route=%2Fwp%2Fv2%2Fcategories&post=592"},{"taxonomy":"post_tag","embeddable":true,"href":"https:\/\/noticiasdeesposende.pt\/index.php?rest_route=%2Fwp%2Fv2%2Ftags&post=592"}],"curies":[{"name":"wp","href":"https:\/\/api.w.org\/{rel}","templated":true}]}}