{"id":596,"date":"2025-06-27T17:43:13","date_gmt":"2025-06-27T17:43:13","guid":{"rendered":"https:\/\/noticiasdeesposende.pt\/?p=596"},"modified":"2026-08-25T15:46:43","modified_gmt":"2026-08-25T15:46:43","slug":"marinhas-muita-festa-e-animacao-este-sabado-com-o-xi-encontro-nacional-de-bicicletas-antigas-e-i-arraiol-inter-de-cepaes","status":"publish","type":"post","link":"https:\/\/noticiasdeesposende.pt\/?p=596","title":{"rendered":"Marinhas: Muita festa e anima\u00e7\u00e3o este s\u00e1bado, com o XI Encontro Nacional de Bicicletas Antigas e I Arraiol Inter de Cep\u00e3es"},"content":{"rendered":"\n<p class=\"wp-block-paragraph\">XI ENCONTRO NACIONAL NOTURNO DE BICICLETAS ANTIGAS<\/p>\n\n\n\n<p class=\"wp-block-paragraph\">Est\u00e1 marcado para amanh\u00e3, s\u00e1bado, 28 de junho, pelas 19h, o maior encontro de bicicletas antigas do Pa\u00eds, organizado pelo Clube de Bicicletas Antigas de Marinhas. Esta \u00e9 a 11\u00aa edi\u00e7\u00e3o de um evento \u00fanico em Portugal, por ser noturno.<\/p>\n\n\n\n<figure class=\"wp-block-image size-large\"><img decoding=\"async\" src=\"https:\/\/noticiasdeesposende.pt\/wp-content\/uploads\/2025\/06\/f24b31c3-42a5-4e3f-bd94-556c28fbee36-731x1024.jpeg\" alt=\"\" class=\"wp-image-598\"\/><\/figure>\n\n\n\n<p class=\"wp-block-paragraph\"><br>As inscri\u00e7\u00f5es s\u00e3o obrigat\u00f3rias e tem o valor de 10\u20ac com direito a lembran\u00e7a, dorsal, seguro, lanche antes da partida e lanche ajantarado a meio do percurso.<br>A partida acontecer\u00e1 do Campo S. Miguel, em Marinhas, pelas 20:30h, descendo em dire\u00e7\u00e3o \u00e0 Praia de Cep\u00e3es, onde atravessar\u00e1 o I Arraiol Inter de Cep\u00e3es, e far\u00e1 a marginal de Esposende e a EN 13, at\u00e9 F\u00e3o. Aqui, paragem no Largo do Cortinhal para refor\u00e7ar for\u00e7as com o lanche ajantarado, iniciando a viagem de regresso pelas 22:45h, com chegada prevista ao Campo S. Miguel pelas 00h, apreciando o fogo de artif\u00edcio.<\/p>\n\n\n\n<figure class=\"wp-block-gallery has-nested-images columns-default is-cropped wp-block-gallery-1 is-layout-flex wp-block-gallery-is-layout-flex\">\n<figure class=\"wp-block-image size-large\"><img decoding=\"async\" data-id=\"600\" src=\"https:\/\/noticiasdeesposende.pt\/wp-content\/uploads\/2025\/06\/c2462caa-7010-4371-b69b-ddbc99f130de-768x1024.jpeg\" alt=\"\" class=\"wp-image-600\"\/><\/figure>\n\n\n\n<figure class=\"wp-block-image size-large\"><img decoding=\"async\" data-id=\"603\" src=\"https:\/\/noticiasdeesposende.pt\/wp-content\/uploads\/2025\/06\/ea3bd3fc-2713-4c06-b5b3-0aee7a4f76e1-768x1024.jpeg\" alt=\"\" class=\"wp-image-603\"\/><\/figure>\n\n\n\n<figure class=\"wp-block-image size-large\"><img decoding=\"async\" data-id=\"601\" src=\"https:\/\/noticiasdeesposende.pt\/wp-content\/uploads\/2025\/06\/f2e3499d-72f2-465e-975f-8768a1a1d8d2-1024x768.jpeg\" alt=\"\" class=\"wp-image-601\"\/><\/figure>\n\n\n\n<figure class=\"wp-block-image size-large\"><img decoding=\"async\" data-id=\"602\" src=\"https:\/\/noticiasdeesposende.pt\/wp-content\/uploads\/2025\/06\/f8e21c5f-8693-40c1-86a8-18758f10ed2a-1024x768.jpeg\" alt=\"\" class=\"wp-image-602\"\/><\/figure>\n<\/figure>\n\n\n\n<p class=\"wp-block-paragraph\"><br>At\u00e9 ao momento, o evento conta j\u00e1 com inscri\u00e7\u00f5es de praticamente todos os distritos de Portugal continental e, de Espanha, nomeadamente de Vigo, L\u00e9on, Ponferrada, Pontevedra, A Corun\u00e3, Pontedeume, Oviedo e Santiago de Compostela, num total, para j\u00e1, de 350 incritos. Tal como nos anos anteriores, est\u00e1 previsto muita anima\u00e7\u00e3o e conv\u00edvio.<\/p>\n\n\n\n<figure class=\"wp-block-image size-full\"><img decoding=\"async\" src=\"https:\/\/noticiasdeesposende.pt\/wp-content\/uploads\/2025\/06\/512658335_1154565456699973_5269549990906557561_n.jpg\" alt=\"\" class=\"wp-image-597\"\/><\/figure>\n\n\n\n<p class=\"wp-block-paragraph\">I ARRAIOL INTER DE CEP\u00c3ES<\/p>\n\n\n\n<p class=\"wp-block-paragraph\">A par do XI Encontro Nacional Noturno de Bicicletas Antigas, decorrer\u00e1 tamb\u00e9m nas Marinhas, no Lugar de Cep\u00e3es, o I Arraiol do &#8216;clube&#8217; Inter de Cep\u00e3es.<br>Este Arraiol, com um programa \u00fanico e divertido, promete, tamb\u00e9m ele, muita anima\u00e7\u00e3o com jogos tradicionais, DJ Invisible Man, vindo diretamente do Reino Unido, n\u00e3o faltando ainda muita comida e bebida.<br>Com in\u00edcio marcado para as 15h, este evento tem o seu ponto alto pelas 20:31h, onde, \u00e0 passagem do passeio das bicicletas antigas, hastear-se-\u00e1 a bandeira do Inter de Cep\u00e3es, dando depois lugar \u00e0 apresenta\u00e7\u00e3o do Hino oficial do \u2018clube\u2019. Este ato marcar\u00e1 assim o in\u00edcio da \u00e9poca associativa e desportiva do Inter&nbsp;de&nbsp;Cep\u00e3es.<\/p>\n\n\n\n<p class=\"wp-block-paragraph\"><\/p>\n","protected":false},"excerpt":{"rendered":"<p>XI ENCONTRO NACIONAL NOTURNO DE BICICLETAS ANTIGAS Est\u00e1 marcado para amanh\u00e3, s\u00e1bado, 28 de junho, pelas 19h, o maior encontro de bicicletas antigas do Pa\u00eds, organizado pelo Clube de Bicicletas Antigas de Marinhas. Esta \u00e9 a 11\u00aa edi\u00e7\u00e3o de um evento \u00fanico em Portugal, por ser noturno. As inscri\u00e7\u00f5es s\u00e3o obrigat\u00f3rias e tem o valor [&hellip;]<\/p>\n","protected":false},"author":3,"featured_media":599,"comment_status":"open","ping_status":"open","sticky":false,"template":"","format":"standard","meta":{"footnotes":"","jetpack_publicize_message":"","jetpack_publicize_feature_enabled":true,"jetpack_social_post_already_shared":false,"jetpack_social_options":{"image_generator_settings":{"template":"highway","default_image_id":0,"font":"","enabled":false},"version":2}},"categories":[134],"tags":[127,128,129],"class_list":["post-596","post","type-post","status-publish","format-standard","has-post-thumbnail","category-arquivo","tag-inter-de-cepaes","tag-junta-de-freguesia-de-marinhas","tag-marinhas"],"jetpack_publicize_connections":[],"_links":{"self":[{"href":"https:\/\/noticiasdeesposende.pt\/index.php?rest_route=\/wp\/v2\/posts\/596","targetHints":{"allow":["GET"]}}],"collection":[{"href":"https:\/\/noticiasdeesposende.pt\/index.php?rest_route=\/wp\/v2\/posts"}],"about":[{"href":"https:\/\/noticiasdeesposende.pt\/index.php?rest_route=\/wp\/v2\/types\/post"}],"author":[{"embeddable":true,"href":"https:\/\/noticiasdeesposende.pt\/index.php?rest_route=\/wp\/v2\/users\/3"}],"replies":[{"embeddable":true,"href":"https:\/\/noticiasdeesposende.pt\/index.php?rest_route=%2Fwp%2Fv2%2Fcomments&post=596"}],"version-history":[{"count":1,"href":"https:\/\/noticiasdeesposende.pt\/index.php?rest_route=\/wp\/v2\/posts\/596\/revisions"}],"predecessor-version":[{"id":686,"href":"https:\/\/noticiasdeesposende.pt\/index.php?rest_route=\/wp\/v2\/posts\/596\/revisions\/686"}],"wp:attachment":[{"href":"https:\/\/noticiasdeesposende.pt\/index.php?rest_route=%2Fwp%2Fv2%2Fmedia&parent=596"}],"wp:term":[{"taxonomy":"category","embeddable":true,"href":"https:\/\/noticiasdeesposende.pt\/index.php?rest_route=%2Fwp%2Fv2%2Fcategories&post=596"},{"taxonomy":"post_tag","embeddable":true,"href":"https:\/\/noticiasdeesposende.pt\/index.php?rest_route=%2Fwp%2Fv2%2Ftags&post=596"}],"curies":[{"name":"wp","href":"https:\/\/api.w.org\/{rel}","templated":true}]}}